{"id":26378,"date":"2026-09-02T09:22:09","date_gmt":"2026-09-02T07:22:09","guid":{"rendered":"https:\/\/www.aselec.es\/?p=26378"},"modified":"2026-09-02T09:31:59","modified_gmt":"2026-09-02T07:31:59","slug":"finder-impulsa-la-llar-intel%c2%b7ligent-amb-les-seues-solucions-smart","status":"publish","type":"post","link":"https:\/\/www.aselec.es\/va\/finder-impulsa-la-llar-intel%c2%b7ligent-amb-les-seues-solucions-smart\/","title":{"rendered":"Finder impulsa la llar intel\u00b7ligent amb les seues solucions Smart"},"content":{"rendered":"<ul>\n<li><strong>Les solucions connectades de Finder permeten crear habitatges m\u00e9s confortables, eficients i segurs, amb una instal\u00b7laci\u00f3 senzilla per al professional i una experi\u00e8ncia intu\u00eftiva per a l\u2019usuari final.\u00a0<\/strong><\/li>\n<\/ul>\n<p>El mercat de la llar intel\u00b7ligent continua creixent impulsat per una demanda cada vegada m\u00e9s gran de solucions que permeten millorar l\u2019efici\u00e8ncia energ\u00e8tica, incrementar el confort diari i refor\u00e7ar la seguretat de l\u2019habitatge. En este escenari, la senzillesa d\u2019instal\u00b7laci\u00f3, la interoperabilitat entre dispositius i una experi\u00e8ncia d\u2019\u00fas intu\u00eftiva s\u2019han convertit en factors decisius tant per als instal\u00b7ladors com per als usuaris finals.<\/p>\n<p>Conscient d\u2019esta evoluci\u00f3, Finder ha desenvolupat un ecosistema Smart Home basat en les solucions YESLY, BLISS2 i 4box Smart, dissenyat per a transformar qualsevol habitatge en una llar intel\u00b7ligent mitjan\u00e7ant solucions escalables, connectades i f\u00e0cils d\u2019implementar.<\/p>\n<h2>Una llar que evoluciona amb les necessitats de qui l\u2019habita<\/h2>\n<p>L\u2019automatitzaci\u00f3 residencial ja no respon \u00fanicament a criteris tecnol\u00f2gics, sin\u00f3 tamb\u00e9 a una nova manera d\u2019entendre l\u2019habitatge. Els usuaris busquen sistemes que els permeten adaptar el funcionament de la llar a les seues rutines di\u00e0ries, controlar la climatitzaci\u00f3 i la il\u00b7luminaci\u00f3 des de qualsevol lloc o automatitzar determinades funcions per a guanyar comoditat i optimitzar el consum energ\u00e8tic.<\/p>\n<p>Les solucions Smart Home de Finder responen precisament a esta necessitat, integrant en una \u00fanica plataforma el control de la il\u00b7luminaci\u00f3, la climatitzaci\u00f3, les persianes i altres dispositius, tot aix\u00f2 des de les aplicacions Finder YOU i 4box o mitjan\u00e7ant assistents de veu com Amazon Alexa i Google Assistant.<\/p>\n<p>El sistema ha sigut concebut per a cr\u00e9ixer al ritme de cada projecte. Una instal\u00b7laci\u00f3 pot comen\u00e7ar amb unes poques funcions i ampliar-se posteriorment sense necessitat de modificar la infraestructura existent, una caracter\u00edstica especialment valorada en projectes de rehabilitaci\u00f3 i reforma.<\/p>\n<p><img loading=\"lazy\" decoding=\"async\" class=\"alignleft size-medium wp-image-26381\" src=\"https:\/\/www.aselec.es\/web\/wp-content\/uploads\/2026\/09\/img9-300x150.jpg\" alt=\"\" width=\"300\" height=\"150\" srcset=\"https:\/\/www.aselec.es\/web\/wp-content\/uploads\/2026\/09\/img9-300x150.jpg 300w, https:\/\/www.aselec.es\/web\/wp-content\/uploads\/2026\/09\/img9-768x384.jpg 768w, https:\/\/www.aselec.es\/web\/wp-content\/uploads\/2026\/09\/img9-650x325.jpg 650w, https:\/\/www.aselec.es\/web\/wp-content\/uploads\/2026\/09\/img9.jpg 955w\" sizes=\"auto, (max-width: 300px) 100vw, 300px\" \/><\/p>\n<h2>Climatitzaci\u00f3 intel\u00b7ligent amb el cronoterm\u00f2stat SWIPE<\/h2>\n<p>Entre les solucions m\u00e9s innovadores de Finder destaca el cronoterm\u00f2stat SWIPE, desenvolupat juntament amb 4box i considerat el primer term\u00f2stat intel\u00b7ligent encastable amb pantalla OLED.<\/p>\n<p>El seu disseny representa un pas avant en la integraci\u00f3 est\u00e8tica dels dispositius dom\u00f2tics, ja que s\u2019instal\u00b7la completament enrasat amb els mecanismes el\u00e8ctrics, mantenint una imatge neta i elegant en qualsevol estan\u00e7a.<\/p>\n<p>M\u00e9s enll\u00e0 del disseny, SWIPE permet gestionar la temperatura de manera precisa i intu\u00eftiva, afavorint un major confort i contribuint a reduir el consum energ\u00e8tic gr\u00e0cies a una regulaci\u00f3 m\u00e9s eficient de la climatitzaci\u00f3.<\/p>\n<p>A m\u00e9s, la seua pantalla t\u00e0ctil permet activar directament escenaris personalitzats en els quals intervenen altres dispositius de l\u2019ecosistema 4box Smart, com el P40S, el Rel\u00e9 Lite S o el Rel\u00e9 Pro S, facilitant el control de diferents funcions de l\u2019habitatge des d\u2019un \u00fanic punt. La seua connectivitat Wi-Fi pr\u00f2pia permet la gesti\u00f3 remota sense necessitat d\u2019elements addicionals, oferint una experi\u00e8ncia d\u2019\u00fas \u00e0gil i completament integrada.<\/p>\n<p><img loading=\"lazy\" decoding=\"async\" class=\"alignright size-medium wp-image-26383\" src=\"https:\/\/www.aselec.es\/web\/wp-content\/uploads\/2026\/09\/img11-277x300.jpg\" alt=\"\" width=\"277\" height=\"300\" srcset=\"https:\/\/www.aselec.es\/web\/wp-content\/uploads\/2026\/09\/img11-277x300.jpg 277w, https:\/\/www.aselec.es\/web\/wp-content\/uploads\/2026\/09\/img11.jpg 654w\" sizes=\"auto, (max-width: 277px) 100vw, 277px\" \/><\/p>\n<h2>Gateway Modular YESLY: gesti\u00f3 remota de l\u2019ecosistema<\/h2>\n<p>Un altre dels elements clau de la soluci\u00f3 \u00e9s el Gateway Modular YESLY (Tipus 1Y.GW.8.230.BS00), encarregat d\u2019habilitar la gesti\u00f3 remota dels dispositius dels ecosistemes YESLY i BLISS2.<\/p>\n<p>Gr\u00e0cies a este equip, l\u2019usuari pot controlar la instal\u00b7laci\u00f3 des de qualsevol lloc mitjan\u00e7ant l\u2019aplicaci\u00f3 Finder YOU, programar automatitzacions i utilitzar comandaments de veu per a gestionar la il\u00b7luminaci\u00f3, la climatitzaci\u00f3 o les persianes.<\/p>\n<p>Un dels seus principals avantatges \u00e9s que mant\u00e9 la comunicaci\u00f3 local mitjan\u00e7ant Bluetooth fins i tot quan no hi ha connexi\u00f3 a Internet, garantint l\u2019operativitat de la instal\u00b7laci\u00f3 i millorant la fiabilitat del sistema.<\/p>\n<p>Els dispositius de la gamma 4box Smart, com SWIPE, Rel\u00e9 Lite S o Rel\u00e9 Pro S, no requerixen este gateway per al seu control remot, ja que incorporen connectivitat Wi-Fi de manera nativa.<\/p>\n<p><img loading=\"lazy\" decoding=\"async\" class=\"alignleft size-medium wp-image-26393\" src=\"https:\/\/www.aselec.es\/web\/wp-content\/uploads\/2026\/09\/img7-1-300x300.jpg\" alt=\"\" width=\"300\" height=\"300\" srcset=\"https:\/\/www.aselec.es\/web\/wp-content\/uploads\/2026\/09\/img7-1-300x300.jpg 300w, https:\/\/www.aselec.es\/web\/wp-content\/uploads\/2026\/09\/img7-1-150x150.jpg 150w, https:\/\/www.aselec.es\/web\/wp-content\/uploads\/2026\/09\/img7-1.jpg 586w\" sizes=\"auto, (max-width: 300px) 100vw, 300px\" \/><\/p>\n<h2>Regulaci\u00f3 intel\u00b7ligent de la il\u00b7luminaci\u00f3<\/h2>\n<p>La il\u00b7luminaci\u00f3 constitu\u00efx un dels apartats en qu\u00e8 l\u2019automatitzaci\u00f3 aporta majors beneficis tant en confort com en efici\u00e8ncia energ\u00e8tica.<\/p>\n<p>Finder disposa de diferents solucions de regulaci\u00f3 adaptades a cada tipus d\u2019instal\u00b7laci\u00f3. El dimmer Bluetooth Tipus 15.21.8.230 permet la regulaci\u00f3 de llumin\u00e0ries de 230 VAC mitjan\u00e7ant tall de fase, mentres que el model Tipus 15.21.9.024 est\u00e0 dissenyat per a la regulaci\u00f3 de tires LED de 12\/24 VDC mitjan\u00e7ant tecnologia PWM.<\/p>\n<p>Estes solucions permeten crear ambients personalitzats i adaptar el nivell d\u2019il\u00b7luminaci\u00f3 a cada moment del dia. A m\u00e9s de millorar l\u2019experi\u00e8ncia de l\u2019usuari, la regulaci\u00f3 intel\u00b7ligent contribu\u00efx a optimitzar el consum el\u00e8ctric i prolongar la vida \u00fatil de les llumin\u00e0ries, convertint-se en una ferramenta especialment interessant tant en habitatges com en xicotets espais del sector terciari.<\/p>\n<p>Juntament amb estos dispositius, Finder posa a disposici\u00f3 del mercat un complet ecosistema de solucions intel\u00b7ligents que permet ampliar les funcionalitats de la llar connectada de manera senzilla i progressiva.<\/p>\n<h2><img loading=\"lazy\" decoding=\"async\" class=\"alignright wp-image-26385 size-medium\" src=\"https:\/\/www.aselec.es\/web\/wp-content\/uploads\/2026\/09\/img20-300x250.jpg\" alt=\"\" width=\"300\" height=\"250\" srcset=\"https:\/\/www.aselec.es\/web\/wp-content\/uploads\/2026\/09\/img20-300x250.jpg 300w, https:\/\/www.aselec.es\/web\/wp-content\/uploads\/2026\/09\/img20-768x640.jpg 768w, https:\/\/www.aselec.es\/web\/wp-content\/uploads\/2026\/09\/img20.jpg 778w\" sizes=\"auto, (max-width: 300px) 100vw, 300px\" \/><\/h2>\n<h2>Un sistema pensat tamb\u00e9 per a l\u2019instal\u00b7lador professional<\/h2>\n<p>Un dels aspectes diferencials de l\u2019ecosistema Smart Home de Finder \u00e9s que ha sigut desenvolupat pensant tant en l\u2019usuari final com en l\u2019instal\u00b7lador professional.<\/p>\n<p>La instal\u00b7laci\u00f3 dels dispositius resulta r\u00e0pida i senzilla, minimitzant els temps de muntatge i posada en marxa. La configuraci\u00f3 es realitza des de les aplicacions Finder YOU i 4box, que permeten associar dispositius, crear escenaris i personalitzar el funcionament del sistema de manera intu\u00eftiva.<\/p>\n<p>Aix\u00ed mateix, l\u2019arquitectura modular de les diferents solucions facilita futures ampliacions sense necessitat de realitzar obres ni modificar la instal\u00b7laci\u00f3 existent, oferint a l\u2019instal\u00b7lador una proposta flexible que pot adaptar-se a projectes de diferent grand\u00e0ria i complexitat.<\/p>\n<h2>Un nou assistent intel\u00b7ligent per a resoldre qualsevol dubte<\/h2>\n<p class=\"isSelectedEnd\">Com a complement al seu ecosistema Smart Home, Finder ha incorporat un nou Assistent Smart Home basat en intel\u00b7lig\u00e8ncia artificial, desenvolupat i entrenat espec\u00edficament per la companyia per a oferir respostes precises sobre les seues solucions.<\/p>\n<p class=\"isSelectedEnd\">Disponible des de la web de <a href=\"https:\/\/smarthome.findernet.com\/es\/\" target=\"_blank\" rel=\"noopener\">Smart Home de Finder<\/a>, este assistent ajuda a resoldre dubtes sobre dispositius Finder i 4box, recomanar els productes m\u00e9s adequats per a cada projecte, comparar equips segons les seues caracter\u00edstiques t\u00e8cniques, guiar pas a pas en la creaci\u00f3 d\u2019automatitzacions amb les aplicacions Finder YOU i 4box, aix\u00ed com localitzar r\u00e0pidament esquemes de cablejat i documentaci\u00f3 t\u00e8cnica.<\/p>\n<p>Es tracta d\u2019una ferramenta sempre disponible que agilitza el treball tant d\u2019instal\u00b7ladors com de distribu\u00efdors i usuaris finals, facilitant l\u2019acc\u00e9s a la informaci\u00f3 t\u00e8cnica i contribuint a simplificar el disseny i la posada en marxa de projectes de llar intel\u00b7ligent.<\/p>\n<h2>M\u00e9s confort, menor consum i un habitatge preparat per al futur<\/h2>\n<p>L\u2019automatitzaci\u00f3 residencial s\u2019ha consolidat com una ferramenta per a millorar la qualitat de vida a la llar i optimitzar l\u2019\u00fas de l\u2019energia. La possibilitat de controlar la climatitzaci\u00f3, regular la il\u00b7luminaci\u00f3, automatitzar funcions quotidianes o gestionar l\u2019habitatge a dist\u00e0ncia permet a l\u2019usuari disfrutar d\u2019una llar m\u00e9s c\u00f2moda, eficient i segura.<\/p>\n<p>Amb el seu ecosistema Smart Home, Finder oferix una resposta integral a esta nova realitat, posant a disposici\u00f3 del mercat solucions que combinen innovaci\u00f3, facilitat d\u2019instal\u00b7laci\u00f3 i una experi\u00e8ncia d\u2019\u00fas senzilla, contribuint al fet que la tecnologia intel\u00b7ligent siga cada vegada m\u00e9s accessible per a professionals i usuaris.<\/p>\n","protected":false},"excerpt":{"rendered":"<p>Les solucions connectades de Finder permeten crear habitatges m\u00e9s confortables, eficients i segurs, amb una instal\u00b7laci\u00f3 senzilla per al professional i una experi\u00e8ncia intu\u00eftiva per a l\u2019usuari final.\u00a0 El mercat de la llar intel\u00b7ligent continua creixent impulsat per una demanda cada vegada m\u00e9s gran de solucions que permeten millorar l\u2019efici\u00e8ncia energ\u00e8tica, incrementar el confort diari&#8230; <a href=\"https:\/\/www.aselec.es\/va\/finder-impulsa-la-llar-intel%c2%b7ligent-amb-les-seues-solucions-smart\/\" class=\"excerpt-read-more\">Read More<\/a><\/p>\n","protected":false},"author":1,"featured_media":26379,"comment_status":"closed","ping_status":"closed","sticky":false,"template":"","format":"standard","meta":{"_acf_changed":false,"inline_featured_image":false,"footnotes":""},"categories":[67,73,104],"tags":[],"class_list":["post-26378","post","type-post","status-publish","format-standard","has-post-thumbnail","hentry","category-altres-noticies-inici","category-blog-va","category-totes-les-noticies-actualitat"],"acf":[],"yoast_head":"<!-- This site is optimized with the Yoast SEO plugin v28.4 - https:\/\/yoast.com\/product\/yoast-seo-wordpress\/ -->\n<title>Finder impulsa la llar intel\u00b7ligent amb les seues solucions Smart - ASELEC<\/title>\n<meta name=\"description\" content=\"Finder presenta el seu ecosistema Smart Home, amb solucions connectades per a crear vivendes m\u00e9s confortables, eficients i segures mitjan\u00e7ant una instal\u00b7laci\u00f3 senzilla i intu\u00eftiva.\" \/>\n<meta name=\"robots\" content=\"index, follow, max-snippet:-1, max-image-preview:large, max-video-preview:-1\" \/>\n<link rel=\"canonical\" href=\"https:\/\/www.aselec.es\/va\/finder-impulsa-la-llar-intel\u00b7ligent-amb-les-seues-solucions-smart\/\" \/>\n<meta property=\"og:locale\" content=\"en_US\" \/>\n<meta property=\"og:type\" content=\"article\" \/>\n<meta property=\"og:title\" content=\"Finder impulsa la llar intel\u00b7ligent amb les seues solucions Smart - ASELEC\" \/>\n<meta property=\"og:description\" content=\"Finder presenta el seu ecosistema Smart Home, amb solucions connectades per a crear vivendes m\u00e9s confortables, eficients i segures mitjan\u00e7ant una instal\u00b7laci\u00f3 senzilla i intu\u00eftiva.\" \/>\n<meta property=\"og:url\" content=\"https:\/\/www.aselec.es\/va\/finder-impulsa-la-llar-intel\u00b7ligent-amb-les-seues-solucions-smart\/\" \/>\n<meta property=\"og:site_name\" content=\"ASELEC\" \/>\n<meta property=\"article:publisher\" content=\"https:\/\/www.facebook.com\/ASELEC.Valencia\" \/>\n<meta property=\"article:published_time\" content=\"2026-09-02T07:22:09+00:00\" \/>\n<meta property=\"article:modified_time\" content=\"2026-09-02T07:31:59+00:00\" \/>\n<meta property=\"og:image\" content=\"https:\/\/www.aselec.es\/web\/wp-content\/uploads\/2026\/09\/FINDER-IMAGEN-SMART-HOME.jpg\" \/>\n\t<meta property=\"og:image:width\" content=\"1200\" \/>\n\t<meta property=\"og:image:height\" content=\"1001\" \/>\n\t<meta property=\"og:image:type\" content=\"image\/jpeg\" \/>\n<meta name=\"author\" content=\"admin-aselec\" \/>\n<meta name=\"twitter:card\" content=\"summary_large_image\" \/>\n<meta name=\"twitter:creator\" content=\"@ASELECfemeval\" \/>\n<meta name=\"twitter:site\" content=\"@ASELECfemeval\" \/>\n<meta name=\"twitter:label1\" content=\"Written by\" \/>\n\t<meta name=\"twitter:data1\" content=\"\" \/>\n\t<meta name=\"twitter:label2\" content=\"Est. reading time\" \/>\n\t<meta name=\"twitter:data2\" content=\"7 minutes\" \/>\n<script type=\"application\/ld+json\" class=\"yoast-schema-graph\">{\"@context\":\"https:\\\/\\\/schema.org\",\"@graph\":[{\"@type\":\"Article\",\"@id\":\"https:\\\/\\\/www.aselec.es\\\/va\\\/finder-impulsa-la-llar-intel%c2%b7ligent-amb-les-seues-solucions-smart\\\/#article\",\"isPartOf\":{\"@id\":\"https:\\\/\\\/www.aselec.es\\\/va\\\/finder-impulsa-la-llar-intel%c2%b7ligent-amb-les-seues-solucions-smart\\\/\"},\"author\":{\"name\":\"admin-aselec\",\"@id\":\"https:\\\/\\\/www.aselec.es\\\/#\\\/schema\\\/person\\\/3dd7a64c8d2bee1430795f723c39d91d\"},\"headline\":\"Finder impulsa la llar intel\u00b7ligent amb les seues solucions Smart\",\"datePublished\":\"2026-09-02T07:22:09+00:00\",\"dateModified\":\"2026-09-02T07:31:59+00:00\",\"mainEntityOfPage\":{\"@id\":\"https:\\\/\\\/www.aselec.es\\\/va\\\/finder-impulsa-la-llar-intel%c2%b7ligent-amb-les-seues-solucions-smart\\\/\"},\"wordCount\":1269,\"publisher\":{\"@id\":\"https:\\\/\\\/www.aselec.es\\\/#organization\"},\"image\":{\"@id\":\"https:\\\/\\\/www.aselec.es\\\/va\\\/finder-impulsa-la-llar-intel%c2%b7ligent-amb-les-seues-solucions-smart\\\/#primaryimage\"},\"thumbnailUrl\":\"https:\\\/\\\/www.aselec.es\\\/web\\\/wp-content\\\/uploads\\\/2026\\\/09\\\/FINDER-IMAGEN-SMART-HOME.jpg\",\"articleSection\":[\"Altres Noticies - Inici\",\"Blog\",\"Totes les not\u00edcies \u2013 Actualitat\"],\"inLanguage\":\"va-ES\"},{\"@type\":\"WebPage\",\"@id\":\"https:\\\/\\\/www.aselec.es\\\/va\\\/finder-impulsa-la-llar-intel%c2%b7ligent-amb-les-seues-solucions-smart\\\/\",\"url\":\"https:\\\/\\\/www.aselec.es\\\/va\\\/finder-impulsa-la-llar-intel%c2%b7ligent-amb-les-seues-solucions-smart\\\/\",\"name\":\"Finder impulsa la llar intel\u00b7ligent amb les seues solucions Smart - ASELEC\",\"isPartOf\":{\"@id\":\"https:\\\/\\\/www.aselec.es\\\/#website\"},\"primaryImageOfPage\":{\"@id\":\"https:\\\/\\\/www.aselec.es\\\/va\\\/finder-impulsa-la-llar-intel%c2%b7ligent-amb-les-seues-solucions-smart\\\/#primaryimage\"},\"image\":{\"@id\":\"https:\\\/\\\/www.aselec.es\\\/va\\\/finder-impulsa-la-llar-intel%c2%b7ligent-amb-les-seues-solucions-smart\\\/#primaryimage\"},\"thumbnailUrl\":\"https:\\\/\\\/www.aselec.es\\\/web\\\/wp-content\\\/uploads\\\/2026\\\/09\\\/FINDER-IMAGEN-SMART-HOME.jpg\",\"datePublished\":\"2026-09-02T07:22:09+00:00\",\"dateModified\":\"2026-09-02T07:31:59+00:00\",\"description\":\"Finder presenta el seu ecosistema Smart Home, amb solucions connectades per a crear vivendes m\u00e9s confortables, eficients i segures mitjan\u00e7ant una instal\u00b7laci\u00f3 senzilla i intu\u00eftiva.\",\"breadcrumb\":{\"@id\":\"https:\\\/\\\/www.aselec.es\\\/va\\\/finder-impulsa-la-llar-intel%c2%b7ligent-amb-les-seues-solucions-smart\\\/#breadcrumb\"},\"inLanguage\":\"va-ES\",\"potentialAction\":[{\"@type\":\"ReadAction\",\"target\":[\"https:\\\/\\\/www.aselec.es\\\/va\\\/finder-impulsa-la-llar-intel%c2%b7ligent-amb-les-seues-solucions-smart\\\/\"]}]},{\"@type\":\"ImageObject\",\"inLanguage\":\"va-ES\",\"@id\":\"https:\\\/\\\/www.aselec.es\\\/va\\\/finder-impulsa-la-llar-intel%c2%b7ligent-amb-les-seues-solucions-smart\\\/#primaryimage\",\"url\":\"https:\\\/\\\/www.aselec.es\\\/web\\\/wp-content\\\/uploads\\\/2026\\\/09\\\/FINDER-IMAGEN-SMART-HOME.jpg\",\"contentUrl\":\"https:\\\/\\\/www.aselec.es\\\/web\\\/wp-content\\\/uploads\\\/2026\\\/09\\\/FINDER-IMAGEN-SMART-HOME.jpg\",\"width\":1200,\"height\":1001},{\"@type\":\"BreadcrumbList\",\"@id\":\"https:\\\/\\\/www.aselec.es\\\/va\\\/finder-impulsa-la-llar-intel%c2%b7ligent-amb-les-seues-solucions-smart\\\/#breadcrumb\",\"itemListElement\":[{\"@type\":\"ListItem\",\"position\":1,\"name\":\"Portada\",\"item\":\"https:\\\/\\\/www.aselec.es\\\/va\\\/\"},{\"@type\":\"ListItem\",\"position\":2,\"name\":\"Finder impulsa la llar intel\u00b7ligent amb les seues solucions Smart\"}]},{\"@type\":\"WebSite\",\"@id\":\"https:\\\/\\\/www.aselec.es\\\/#website\",\"url\":\"https:\\\/\\\/www.aselec.es\\\/\",\"name\":\"ASELEC\",\"description\":\"Asociaci\u00f3n de Empresarios Instaladores El\u00e9ctricos, Telecomunicaciones y Energ\u00edas Renovables de Valencia\",\"publisher\":{\"@id\":\"https:\\\/\\\/www.aselec.es\\\/#organization\"},\"potentialAction\":[{\"@type\":\"SearchAction\",\"target\":{\"@type\":\"EntryPoint\",\"urlTemplate\":\"https:\\\/\\\/www.aselec.es\\\/?s={search_term_string}\"},\"query-input\":{\"@type\":\"PropertyValueSpecification\",\"valueRequired\":true,\"valueName\":\"search_term_string\"}}],\"inLanguage\":\"va-ES\"},{\"@type\":\"Organization\",\"@id\":\"https:\\\/\\\/www.aselec.es\\\/#organization\",\"name\":\"ASELEC\",\"url\":\"https:\\\/\\\/www.aselec.es\\\/\",\"logo\":{\"@type\":\"ImageObject\",\"inLanguage\":\"va-ES\",\"@id\":\"https:\\\/\\\/www.aselec.es\\\/#\\\/schema\\\/logo\\\/image\\\/\",\"url\":\"https:\\\/\\\/www.aselec.es\\\/web\\\/wp-content\\\/uploads\\\/2018\\\/06\\\/logo_aselec.png\",\"contentUrl\":\"https:\\\/\\\/www.aselec.es\\\/web\\\/wp-content\\\/uploads\\\/2018\\\/06\\\/logo_aselec.png\",\"width\":462,\"height\":198,\"caption\":\"ASELEC\"},\"image\":{\"@id\":\"https:\\\/\\\/www.aselec.es\\\/#\\\/schema\\\/logo\\\/image\\\/\"},\"sameAs\":[\"https:\\\/\\\/www.facebook.com\\\/ASELEC.Valencia\",\"https:\\\/\\\/x.com\\\/ASELECfemeval\",\"https:\\\/\\\/www.linkedin.com\\\/company\\\/aselec---asociaci\u00f3n-de-empresarios-instaladores-el\u00e9ctricos-de-valencia\",\"https:\\\/\\\/www.youtube.com\\\/channel\\\/UC6NOFjLxQ3eLylmsmnMmOsA\",\"https:\\\/\\\/www.instagram.com\\\/aselecasociacion\\\/\"]},{\"@type\":\"Person\",\"@id\":\"https:\\\/\\\/www.aselec.es\\\/#\\\/schema\\\/person\\\/3dd7a64c8d2bee1430795f723c39d91d\",\"name\":\"admin-aselec\",\"image\":{\"@type\":\"ImageObject\",\"inLanguage\":\"va-ES\",\"@id\":\"https:\\\/\\\/secure.gravatar.com\\\/avatar\\\/ff34c08abb7fe73ee0472abff695f5981f5aed24ab03a64d4b6261c52fcffd49?s=96&d=mm&r=g\",\"url\":\"https:\\\/\\\/secure.gravatar.com\\\/avatar\\\/ff34c08abb7fe73ee0472abff695f5981f5aed24ab03a64d4b6261c52fcffd49?s=96&d=mm&r=g\",\"contentUrl\":\"https:\\\/\\\/secure.gravatar.com\\\/avatar\\\/ff34c08abb7fe73ee0472abff695f5981f5aed24ab03a64d4b6261c52fcffd49?s=96&d=mm&r=g\",\"caption\":\"admin-aselec\"}}]}<\/script>\n<!-- \/ Yoast SEO plugin. -->","yoast_head_json":{"title":"Finder impulsa la llar intel\u00b7ligent amb les seues solucions Smart - ASELEC","description":"Finder presenta el seu ecosistema Smart Home, amb solucions connectades per a crear vivendes m\u00e9s confortables, eficients i segures mitjan\u00e7ant una instal\u00b7laci\u00f3 senzilla i intu\u00eftiva.","robots":{"index":"index","follow":"follow","max-snippet":"max-snippet:-1","max-image-preview":"max-image-preview:large","max-video-preview":"max-video-preview:-1"},"canonical":"https:\/\/www.aselec.es\/va\/finder-impulsa-la-llar-intel\u00b7ligent-amb-les-seues-solucions-smart\/","og_locale":"en_US","og_type":"article","og_title":"Finder impulsa la llar intel\u00b7ligent amb les seues solucions Smart - ASELEC","og_description":"Finder presenta el seu ecosistema Smart Home, amb solucions connectades per a crear vivendes m\u00e9s confortables, eficients i segures mitjan\u00e7ant una instal\u00b7laci\u00f3 senzilla i intu\u00eftiva.","og_url":"https:\/\/www.aselec.es\/va\/finder-impulsa-la-llar-intel\u00b7ligent-amb-les-seues-solucions-smart\/","og_site_name":"ASELEC","article_publisher":"https:\/\/www.facebook.com\/ASELEC.Valencia","article_published_time":"2026-09-02T07:22:09+00:00","article_modified_time":"2026-09-02T07:31:59+00:00","og_image":[{"width":1200,"height":1001,"url":"https:\/\/www.aselec.es\/web\/wp-content\/uploads\/2026\/09\/FINDER-IMAGEN-SMART-HOME.jpg","type":"image\/jpeg"}],"author":"admin-aselec","twitter_card":"summary_large_image","twitter_creator":"@ASELECfemeval","twitter_site":"@ASELECfemeval","twitter_misc":{"Written by":false,"Est. reading time":"7 minutes"},"schema":{"@context":"https:\/\/schema.org","@graph":[{"@type":"Article","@id":"https:\/\/www.aselec.es\/va\/finder-impulsa-la-llar-intel%c2%b7ligent-amb-les-seues-solucions-smart\/#article","isPartOf":{"@id":"https:\/\/www.aselec.es\/va\/finder-impulsa-la-llar-intel%c2%b7ligent-amb-les-seues-solucions-smart\/"},"author":{"name":"admin-aselec","@id":"https:\/\/www.aselec.es\/#\/schema\/person\/3dd7a64c8d2bee1430795f723c39d91d"},"headline":"Finder impulsa la llar intel\u00b7ligent amb les seues solucions Smart","datePublished":"2026-09-02T07:22:09+00:00","dateModified":"2026-09-02T07:31:59+00:00","mainEntityOfPage":{"@id":"https:\/\/www.aselec.es\/va\/finder-impulsa-la-llar-intel%c2%b7ligent-amb-les-seues-solucions-smart\/"},"wordCount":1269,"publisher":{"@id":"https:\/\/www.aselec.es\/#organization"},"image":{"@id":"https:\/\/www.aselec.es\/va\/finder-impulsa-la-llar-intel%c2%b7ligent-amb-les-seues-solucions-smart\/#primaryimage"},"thumbnailUrl":"https:\/\/www.aselec.es\/web\/wp-content\/uploads\/2026\/09\/FINDER-IMAGEN-SMART-HOME.jpg","articleSection":["Altres Noticies - Inici","Blog","Totes les not\u00edcies \u2013 Actualitat"],"inLanguage":"va-ES"},{"@type":"WebPage","@id":"https:\/\/www.aselec.es\/va\/finder-impulsa-la-llar-intel%c2%b7ligent-amb-les-seues-solucions-smart\/","url":"https:\/\/www.aselec.es\/va\/finder-impulsa-la-llar-intel%c2%b7ligent-amb-les-seues-solucions-smart\/","name":"Finder impulsa la llar intel\u00b7ligent amb les seues solucions Smart - ASELEC","isPartOf":{"@id":"https:\/\/www.aselec.es\/#website"},"primaryImageOfPage":{"@id":"https:\/\/www.aselec.es\/va\/finder-impulsa-la-llar-intel%c2%b7ligent-amb-les-seues-solucions-smart\/#primaryimage"},"image":{"@id":"https:\/\/www.aselec.es\/va\/finder-impulsa-la-llar-intel%c2%b7ligent-amb-les-seues-solucions-smart\/#primaryimage"},"thumbnailUrl":"https:\/\/www.aselec.es\/web\/wp-content\/uploads\/2026\/09\/FINDER-IMAGEN-SMART-HOME.jpg","datePublished":"2026-09-02T07:22:09+00:00","dateModified":"2026-09-02T07:31:59+00:00","description":"Finder presenta el seu ecosistema Smart Home, amb solucions connectades per a crear vivendes m\u00e9s confortables, eficients i segures mitjan\u00e7ant una instal\u00b7laci\u00f3 senzilla i intu\u00eftiva.","breadcrumb":{"@id":"https:\/\/www.aselec.es\/va\/finder-impulsa-la-llar-intel%c2%b7ligent-amb-les-seues-solucions-smart\/#breadcrumb"},"inLanguage":"va-ES","potentialAction":[{"@type":"ReadAction","target":["https:\/\/www.aselec.es\/va\/finder-impulsa-la-llar-intel%c2%b7ligent-amb-les-seues-solucions-smart\/"]}]},{"@type":"ImageObject","inLanguage":"va-ES","@id":"https:\/\/www.aselec.es\/va\/finder-impulsa-la-llar-intel%c2%b7ligent-amb-les-seues-solucions-smart\/#primaryimage","url":"https:\/\/www.aselec.es\/web\/wp-content\/uploads\/2026\/09\/FINDER-IMAGEN-SMART-HOME.jpg","contentUrl":"https:\/\/www.aselec.es\/web\/wp-content\/uploads\/2026\/09\/FINDER-IMAGEN-SMART-HOME.jpg","width":1200,"height":1001},{"@type":"BreadcrumbList","@id":"https:\/\/www.aselec.es\/va\/finder-impulsa-la-llar-intel%c2%b7ligent-amb-les-seues-solucions-smart\/#breadcrumb","itemListElement":[{"@type":"ListItem","position":1,"name":"Portada","item":"https:\/\/www.aselec.es\/va\/"},{"@type":"ListItem","position":2,"name":"Finder impulsa la llar intel\u00b7ligent amb les seues solucions Smart"}]},{"@type":"WebSite","@id":"https:\/\/www.aselec.es\/#website","url":"https:\/\/www.aselec.es\/","name":"ASELEC","description":"Asociaci\u00f3n de Empresarios Instaladores El\u00e9ctricos, Telecomunicaciones y Energ\u00edas Renovables de Valencia","publisher":{"@id":"https:\/\/www.aselec.es\/#organization"},"potentialAction":[{"@type":"SearchAction","target":{"@type":"EntryPoint","urlTemplate":"https:\/\/www.aselec.es\/?s={search_term_string}"},"query-input":{"@type":"PropertyValueSpecification","valueRequired":true,"valueName":"search_term_string"}}],"inLanguage":"va-ES"},{"@type":"Organization","@id":"https:\/\/www.aselec.es\/#organization","name":"ASELEC","url":"https:\/\/www.aselec.es\/","logo":{"@type":"ImageObject","inLanguage":"va-ES","@id":"https:\/\/www.aselec.es\/#\/schema\/logo\/image\/","url":"https:\/\/www.aselec.es\/web\/wp-content\/uploads\/2018\/06\/logo_aselec.png","contentUrl":"https:\/\/www.aselec.es\/web\/wp-content\/uploads\/2018\/06\/logo_aselec.png","width":462,"height":198,"caption":"ASELEC"},"image":{"@id":"https:\/\/www.aselec.es\/#\/schema\/logo\/image\/"},"sameAs":["https:\/\/www.facebook.com\/ASELEC.Valencia","https:\/\/x.com\/ASELECfemeval","https:\/\/www.linkedin.com\/company\/aselec---asociaci\u00f3n-de-empresarios-instaladores-el\u00e9ctricos-de-valencia","https:\/\/www.youtube.com\/channel\/UC6NOFjLxQ3eLylmsmnMmOsA","https:\/\/www.instagram.com\/aselecasociacion\/"]},{"@type":"Person","@id":"https:\/\/www.aselec.es\/#\/schema\/person\/3dd7a64c8d2bee1430795f723c39d91d","name":"admin-aselec","image":{"@type":"ImageObject","inLanguage":"va-ES","@id":"https:\/\/secure.gravatar.com\/avatar\/ff34c08abb7fe73ee0472abff695f5981f5aed24ab03a64d4b6261c52fcffd49?s=96&d=mm&r=g","url":"https:\/\/secure.gravatar.com\/avatar\/ff34c08abb7fe73ee0472abff695f5981f5aed24ab03a64d4b6261c52fcffd49?s=96&d=mm&r=g","contentUrl":"https:\/\/secure.gravatar.com\/avatar\/ff34c08abb7fe73ee0472abff695f5981f5aed24ab03a64d4b6261c52fcffd49?s=96&d=mm&r=g","caption":"admin-aselec"}}]}},"_links":{"self":[{"href":"https:\/\/www.aselec.es\/va\/wp-json\/wp\/v2\/posts\/26378","targetHints":{"allow":["GET"]}}],"collection":[{"href":"https:\/\/www.aselec.es\/va\/wp-json\/wp\/v2\/posts"}],"about":[{"href":"https:\/\/www.aselec.es\/va\/wp-json\/wp\/v2\/types\/post"}],"author":[{"embeddable":true,"href":"https:\/\/www.aselec.es\/va\/wp-json\/wp\/v2\/users\/1"}],"replies":[{"embeddable":true,"href":"https:\/\/www.aselec.es\/va\/wp-json\/wp\/v2\/comments?post=26378"}],"version-history":[{"count":3,"href":"https:\/\/www.aselec.es\/va\/wp-json\/wp\/v2\/posts\/26378\/revisions"}],"predecessor-version":[{"id":26402,"href":"https:\/\/www.aselec.es\/va\/wp-json\/wp\/v2\/posts\/26378\/revisions\/26402"}],"wp:featuredmedia":[{"embeddable":true,"href":"https:\/\/www.aselec.es\/va\/wp-json\/wp\/v2\/media\/26379"}],"wp:attachment":[{"href":"https:\/\/www.aselec.es\/va\/wp-json\/wp\/v2\/media?parent=26378"}],"wp:term":[{"taxonomy":"category","embeddable":true,"href":"https:\/\/www.aselec.es\/va\/wp-json\/wp\/v2\/categories?post=26378"},{"taxonomy":"post_tag","embeddable":true,"href":"https:\/\/www.aselec.es\/va\/wp-json\/wp\/v2\/tags?post=26378"}],"curies":[{"name":"wp","href":"https:\/\/api.w.org\/{rel}","templated":true}]}}