{"id":26362,"date":"2026-08-31T13:17:16","date_gmt":"2026-08-31T11:17:16","guid":{"rendered":"https:\/\/www.aselec.es\/?p=26362"},"modified":"2026-08-31T13:17:16","modified_gmt":"2026-08-31T11:17:16","slug":"basor-electric-presenta-ledicio-2026-de-la-seua-guia-tecnica-gt02","status":"publish","type":"post","link":"https:\/\/www.aselec.es\/va\/basor-electric-presenta-ledicio-2026-de-la-seua-guia-tecnica-gt02\/","title":{"rendered":"Basor Electric presenta l&#8217;edici\u00f3 2026 de la seua Guia T\u00e8cnica GT02"},"content":{"rendered":"<ul data-spread=\"false\">\n<li><strong>El document reuneix informaci\u00f3 t\u00e8cnica i criteris d\u2019utilitat per a facilitar la selecci\u00f3 i el disseny de sistemes de conducci\u00f3 de cables.<\/strong><\/li>\n<\/ul>\n<p class=\"isSelectedEnd\"><strong>Basor Electric<\/strong> presenta l\u2019edici\u00f3 2026 de la seua <strong>Guia T\u00e8cnica GT02<\/strong>, una eina de consulta dirigida a professionals, projectistes i enginyeries que recull els principals aspectes que cal tindre en compte a l\u2019hora de seleccionar i dissenyar un sistema de conducci\u00f3 de cables.<\/p>\n<p class=\"isSelectedEnd\">Al llarg dels seus diferents apartats, la guia aborda q\u00fcestions com la <strong>resist\u00e8ncia mec\u00e0nica<\/strong>, la <strong>seguretat davant del foc<\/strong>, la <strong>continu\u00eftat el\u00e8ctrica<\/strong>, la <strong>compatibilitat electromagn\u00e8tica<\/strong>, les <strong>condicions de temperatura<\/strong> i <strong>ventilaci\u00f3<\/strong>, aix\u00ed com la <strong>corrosi\u00f3<\/strong> i la <strong>vida \u00fatil dels materials<\/strong>.<\/p>\n<p class=\"isSelectedEnd\">La GT02 combina explicacions t\u00e8cniques amb <strong>taules, gr\u00e0fics, criteris de selecci\u00f3 i recomanacions<\/strong>, facilitant la consulta d\u2019informaci\u00f3 i l\u2019elecci\u00f3 de la soluci\u00f3 m\u00e9s adequada en funci\u00f3 de les caracter\u00edstiques i les condicions de cada instal\u00b7laci\u00f3.<\/p>\n<p class=\"isSelectedEnd\">A m\u00e9s, inclou continguts espec\u00edfics sobre el <strong>dimensionament de les safates<\/strong>, les <strong>dist\u00e0ncies entre suports<\/strong>, la <strong>capacitat de c\u00e0rrega<\/strong> i la <strong>selecci\u00f3 de materials<\/strong> i <strong>acabats segons les condicions ambientals<\/strong>, aportant informaci\u00f3 pr\u00e0ctica per a les diferents fases d\u2019un projecte.<\/p>\n<p>La <strong><a href=\"https:\/\/www.aselec.es\/web\/wp-content\/uploads\/2026\/08\/GUIA_TECNICA_BASOR_ESP_2026_LOW.pdf\" target=\"_blank\" rel=\"noopener\">Guia T\u00e8cnica GT02<\/a><\/strong>, edici\u00f3 2026, ja est\u00e0 disponible per a la seua consulta i desc\u00e0rrega en la web de <a href=\"http:\/\/www.basor.com\" target=\"_blank\" rel=\"noopener\">Basor Electric<\/a>.<\/p>\n","protected":false},"excerpt":{"rendered":"<p>El document reuneix informaci\u00f3 t\u00e8cnica i criteris d\u2019utilitat per a facilitar la selecci\u00f3 i el disseny de sistemes de conducci\u00f3 de cables. Basor Electric presenta l\u2019edici\u00f3 2026 de la seua Guia T\u00e8cnica GT02, una eina de consulta dirigida a professionals, projectistes i enginyeries que recull els principals aspectes que cal tindre en compte a l\u2019hora&#8230; <a href=\"https:\/\/www.aselec.es\/va\/basor-electric-presenta-ledicio-2026-de-la-seua-guia-tecnica-gt02\/\" class=\"excerpt-read-more\">Read More<\/a><\/p>\n","protected":false},"author":1,"featured_media":26363,"comment_status":"closed","ping_status":"closed","sticky":false,"template":"","format":"standard","meta":{"_acf_changed":false,"inline_featured_image":false,"footnotes":""},"categories":[67,73,104],"tags":[],"class_list":["post-26362","post","type-post","status-publish","format-standard","has-post-thumbnail","hentry","category-altres-noticies-inici","category-blog-va","category-totes-les-noticies-actualitat"],"acf":[],"yoast_head":"<!-- This site is optimized with the Yoast SEO plugin v28.3 - https:\/\/yoast.com\/product\/yoast-seo-wordpress\/ -->\n<title>Basor Electric presenta l&#039;edici\u00f3 2026 de la seua Guia T\u00e8cnica GT02 - ASELEC<\/title>\n<meta name=\"description\" content=\"Basor Electric presenta la seua Guia T\u00e8cnica GT02 2026, una ferramenta pr\u00e0ctica amb criteris, taules i recomanacions per a seleccionar i dissenyar sistemes de conducci\u00f3 de cables.\" \/>\n<meta name=\"robots\" content=\"index, follow, max-snippet:-1, max-image-preview:large, max-video-preview:-1\" \/>\n<link rel=\"canonical\" href=\"https:\/\/www.aselec.es\/va\/basor-electric-presenta-ledicio-2026-de-la-seua-guia-tecnica-gt02\/\" \/>\n<meta property=\"og:locale\" content=\"en_US\" \/>\n<meta property=\"og:type\" content=\"article\" \/>\n<meta property=\"og:title\" content=\"Basor Electric presenta l&#039;edici\u00f3 2026 de la seua Guia T\u00e8cnica GT02 - ASELEC\" \/>\n<meta property=\"og:description\" content=\"Basor Electric presenta la seua Guia T\u00e8cnica GT02 2026, una ferramenta pr\u00e0ctica amb criteris, taules i recomanacions per a seleccionar i dissenyar sistemes de conducci\u00f3 de cables.\" \/>\n<meta property=\"og:url\" content=\"https:\/\/www.aselec.es\/va\/basor-electric-presenta-ledicio-2026-de-la-seua-guia-tecnica-gt02\/\" \/>\n<meta property=\"og:site_name\" content=\"ASELEC\" \/>\n<meta property=\"article:publisher\" content=\"https:\/\/www.facebook.com\/ASELEC.Valencia\" \/>\n<meta property=\"article:published_time\" content=\"2026-08-31T11:17:16+00:00\" \/>\n<meta property=\"og:image\" content=\"https:\/\/www.aselec.es\/web\/wp-content\/uploads\/2026\/08\/CREATIVIDAD_ESP-1.png\" \/>\n\t<meta property=\"og:image:width\" content=\"1200\" \/>\n\t<meta property=\"og:image:height\" content=\"800\" \/>\n\t<meta property=\"og:image:type\" content=\"image\/png\" \/>\n<meta name=\"author\" content=\"admin-aselec\" \/>\n<meta name=\"twitter:card\" content=\"summary_large_image\" \/>\n<meta name=\"twitter:creator\" content=\"@ASELECfemeval\" \/>\n<meta name=\"twitter:site\" content=\"@ASELECfemeval\" \/>\n<meta name=\"twitter:label1\" content=\"Written by\" \/>\n\t<meta name=\"twitter:data1\" content=\"\" \/>\n\t<meta name=\"twitter:label2\" content=\"Est. reading time\" \/>\n\t<meta name=\"twitter:data2\" content=\"2 minutes\" \/>\n<script type=\"application\/ld+json\" class=\"yoast-schema-graph\">{\"@context\":\"https:\\\/\\\/schema.org\",\"@graph\":[{\"@type\":\"Article\",\"@id\":\"https:\\\/\\\/www.aselec.es\\\/va\\\/basor-electric-presenta-ledicio-2026-de-la-seua-guia-tecnica-gt02\\\/#article\",\"isPartOf\":{\"@id\":\"https:\\\/\\\/www.aselec.es\\\/va\\\/basor-electric-presenta-ledicio-2026-de-la-seua-guia-tecnica-gt02\\\/\"},\"author\":{\"name\":\"admin-aselec\",\"@id\":\"https:\\\/\\\/www.aselec.es\\\/#\\\/schema\\\/person\\\/3dd7a64c8d2bee1430795f723c39d91d\"},\"headline\":\"Basor Electric presenta l&#8217;edici\u00f3 2026 de la seua Guia T\u00e8cnica GT02\",\"datePublished\":\"2026-08-31T11:17:16+00:00\",\"mainEntityOfPage\":{\"@id\":\"https:\\\/\\\/www.aselec.es\\\/va\\\/basor-electric-presenta-ledicio-2026-de-la-seua-guia-tecnica-gt02\\\/\"},\"wordCount\":238,\"publisher\":{\"@id\":\"https:\\\/\\\/www.aselec.es\\\/#organization\"},\"image\":{\"@id\":\"https:\\\/\\\/www.aselec.es\\\/va\\\/basor-electric-presenta-ledicio-2026-de-la-seua-guia-tecnica-gt02\\\/#primaryimage\"},\"thumbnailUrl\":\"https:\\\/\\\/www.aselec.es\\\/web\\\/wp-content\\\/uploads\\\/2026\\\/08\\\/CREATIVIDAD_ESP-1.png\",\"articleSection\":[\"Altres Noticies - Inici\",\"Blog\",\"Totes les not\u00edcies \u2013 Actualitat\"],\"inLanguage\":\"va-ES\"},{\"@type\":\"WebPage\",\"@id\":\"https:\\\/\\\/www.aselec.es\\\/va\\\/basor-electric-presenta-ledicio-2026-de-la-seua-guia-tecnica-gt02\\\/\",\"url\":\"https:\\\/\\\/www.aselec.es\\\/va\\\/basor-electric-presenta-ledicio-2026-de-la-seua-guia-tecnica-gt02\\\/\",\"name\":\"Basor Electric presenta l'edici\u00f3 2026 de la seua Guia T\u00e8cnica GT02 - ASELEC\",\"isPartOf\":{\"@id\":\"https:\\\/\\\/www.aselec.es\\\/#website\"},\"primaryImageOfPage\":{\"@id\":\"https:\\\/\\\/www.aselec.es\\\/va\\\/basor-electric-presenta-ledicio-2026-de-la-seua-guia-tecnica-gt02\\\/#primaryimage\"},\"image\":{\"@id\":\"https:\\\/\\\/www.aselec.es\\\/va\\\/basor-electric-presenta-ledicio-2026-de-la-seua-guia-tecnica-gt02\\\/#primaryimage\"},\"thumbnailUrl\":\"https:\\\/\\\/www.aselec.es\\\/web\\\/wp-content\\\/uploads\\\/2026\\\/08\\\/CREATIVIDAD_ESP-1.png\",\"datePublished\":\"2026-08-31T11:17:16+00:00\",\"description\":\"Basor Electric presenta la seua Guia T\u00e8cnica GT02 2026, una ferramenta pr\u00e0ctica amb criteris, taules i recomanacions per a seleccionar i dissenyar sistemes de conducci\u00f3 de cables.\",\"breadcrumb\":{\"@id\":\"https:\\\/\\\/www.aselec.es\\\/va\\\/basor-electric-presenta-ledicio-2026-de-la-seua-guia-tecnica-gt02\\\/#breadcrumb\"},\"inLanguage\":\"va-ES\",\"potentialAction\":[{\"@type\":\"ReadAction\",\"target\":[\"https:\\\/\\\/www.aselec.es\\\/va\\\/basor-electric-presenta-ledicio-2026-de-la-seua-guia-tecnica-gt02\\\/\"]}]},{\"@type\":\"ImageObject\",\"inLanguage\":\"va-ES\",\"@id\":\"https:\\\/\\\/www.aselec.es\\\/va\\\/basor-electric-presenta-ledicio-2026-de-la-seua-guia-tecnica-gt02\\\/#primaryimage\",\"url\":\"https:\\\/\\\/www.aselec.es\\\/web\\\/wp-content\\\/uploads\\\/2026\\\/08\\\/CREATIVIDAD_ESP-1.png\",\"contentUrl\":\"https:\\\/\\\/www.aselec.es\\\/web\\\/wp-content\\\/uploads\\\/2026\\\/08\\\/CREATIVIDAD_ESP-1.png\",\"width\":1200,\"height\":800},{\"@type\":\"BreadcrumbList\",\"@id\":\"https:\\\/\\\/www.aselec.es\\\/va\\\/basor-electric-presenta-ledicio-2026-de-la-seua-guia-tecnica-gt02\\\/#breadcrumb\",\"itemListElement\":[{\"@type\":\"ListItem\",\"position\":1,\"name\":\"Portada\",\"item\":\"https:\\\/\\\/www.aselec.es\\\/va\\\/\"},{\"@type\":\"ListItem\",\"position\":2,\"name\":\"Basor Electric presenta l&#8217;edici\u00f3 2026 de la seua Guia T\u00e8cnica GT02\"}]},{\"@type\":\"WebSite\",\"@id\":\"https:\\\/\\\/www.aselec.es\\\/#website\",\"url\":\"https:\\\/\\\/www.aselec.es\\\/\",\"name\":\"ASELEC\",\"description\":\"Asociaci\u00f3n de Empresarios Instaladores El\u00e9ctricos, Telecomunicaciones y Energ\u00edas Renovables de Valencia\",\"publisher\":{\"@id\":\"https:\\\/\\\/www.aselec.es\\\/#organization\"},\"potentialAction\":[{\"@type\":\"SearchAction\",\"target\":{\"@type\":\"EntryPoint\",\"urlTemplate\":\"https:\\\/\\\/www.aselec.es\\\/?s={search_term_string}\"},\"query-input\":{\"@type\":\"PropertyValueSpecification\",\"valueRequired\":true,\"valueName\":\"search_term_string\"}}],\"inLanguage\":\"va-ES\"},{\"@type\":\"Organization\",\"@id\":\"https:\\\/\\\/www.aselec.es\\\/#organization\",\"name\":\"ASELEC\",\"url\":\"https:\\\/\\\/www.aselec.es\\\/\",\"logo\":{\"@type\":\"ImageObject\",\"inLanguage\":\"va-ES\",\"@id\":\"https:\\\/\\\/www.aselec.es\\\/#\\\/schema\\\/logo\\\/image\\\/\",\"url\":\"https:\\\/\\\/www.aselec.es\\\/web\\\/wp-content\\\/uploads\\\/2018\\\/06\\\/logo_aselec.png\",\"contentUrl\":\"https:\\\/\\\/www.aselec.es\\\/web\\\/wp-content\\\/uploads\\\/2018\\\/06\\\/logo_aselec.png\",\"width\":462,\"height\":198,\"caption\":\"ASELEC\"},\"image\":{\"@id\":\"https:\\\/\\\/www.aselec.es\\\/#\\\/schema\\\/logo\\\/image\\\/\"},\"sameAs\":[\"https:\\\/\\\/www.facebook.com\\\/ASELEC.Valencia\",\"https:\\\/\\\/x.com\\\/ASELECfemeval\",\"https:\\\/\\\/www.linkedin.com\\\/company\\\/aselec---asociaci\u00f3n-de-empresarios-instaladores-el\u00e9ctricos-de-valencia\",\"https:\\\/\\\/www.youtube.com\\\/channel\\\/UC6NOFjLxQ3eLylmsmnMmOsA\",\"https:\\\/\\\/www.instagram.com\\\/aselecasociacion\\\/\"]},{\"@type\":\"Person\",\"@id\":\"https:\\\/\\\/www.aselec.es\\\/#\\\/schema\\\/person\\\/3dd7a64c8d2bee1430795f723c39d91d\",\"name\":\"admin-aselec\",\"image\":{\"@type\":\"ImageObject\",\"inLanguage\":\"va-ES\",\"@id\":\"https:\\\/\\\/secure.gravatar.com\\\/avatar\\\/ff34c08abb7fe73ee0472abff695f5981f5aed24ab03a64d4b6261c52fcffd49?s=96&d=mm&r=g\",\"url\":\"https:\\\/\\\/secure.gravatar.com\\\/avatar\\\/ff34c08abb7fe73ee0472abff695f5981f5aed24ab03a64d4b6261c52fcffd49?s=96&d=mm&r=g\",\"contentUrl\":\"https:\\\/\\\/secure.gravatar.com\\\/avatar\\\/ff34c08abb7fe73ee0472abff695f5981f5aed24ab03a64d4b6261c52fcffd49?s=96&d=mm&r=g\",\"caption\":\"admin-aselec\"}}]}<\/script>\n<!-- \/ Yoast SEO plugin. -->","yoast_head_json":{"title":"Basor Electric presenta l'edici\u00f3 2026 de la seua Guia T\u00e8cnica GT02 - ASELEC","description":"Basor Electric presenta la seua Guia T\u00e8cnica GT02 2026, una ferramenta pr\u00e0ctica amb criteris, taules i recomanacions per a seleccionar i dissenyar sistemes de conducci\u00f3 de cables.","robots":{"index":"index","follow":"follow","max-snippet":"max-snippet:-1","max-image-preview":"max-image-preview:large","max-video-preview":"max-video-preview:-1"},"canonical":"https:\/\/www.aselec.es\/va\/basor-electric-presenta-ledicio-2026-de-la-seua-guia-tecnica-gt02\/","og_locale":"en_US","og_type":"article","og_title":"Basor Electric presenta l'edici\u00f3 2026 de la seua Guia T\u00e8cnica GT02 - ASELEC","og_description":"Basor Electric presenta la seua Guia T\u00e8cnica GT02 2026, una ferramenta pr\u00e0ctica amb criteris, taules i recomanacions per a seleccionar i dissenyar sistemes de conducci\u00f3 de cables.","og_url":"https:\/\/www.aselec.es\/va\/basor-electric-presenta-ledicio-2026-de-la-seua-guia-tecnica-gt02\/","og_site_name":"ASELEC","article_publisher":"https:\/\/www.facebook.com\/ASELEC.Valencia","article_published_time":"2026-08-31T11:17:16+00:00","og_image":[{"width":1200,"height":800,"url":"https:\/\/www.aselec.es\/web\/wp-content\/uploads\/2026\/08\/CREATIVIDAD_ESP-1.png","type":"image\/png"}],"author":"admin-aselec","twitter_card":"summary_large_image","twitter_creator":"@ASELECfemeval","twitter_site":"@ASELECfemeval","twitter_misc":{"Written by":false,"Est. reading time":"2 minutes"},"schema":{"@context":"https:\/\/schema.org","@graph":[{"@type":"Article","@id":"https:\/\/www.aselec.es\/va\/basor-electric-presenta-ledicio-2026-de-la-seua-guia-tecnica-gt02\/#article","isPartOf":{"@id":"https:\/\/www.aselec.es\/va\/basor-electric-presenta-ledicio-2026-de-la-seua-guia-tecnica-gt02\/"},"author":{"name":"admin-aselec","@id":"https:\/\/www.aselec.es\/#\/schema\/person\/3dd7a64c8d2bee1430795f723c39d91d"},"headline":"Basor Electric presenta l&#8217;edici\u00f3 2026 de la seua Guia T\u00e8cnica GT02","datePublished":"2026-08-31T11:17:16+00:00","mainEntityOfPage":{"@id":"https:\/\/www.aselec.es\/va\/basor-electric-presenta-ledicio-2026-de-la-seua-guia-tecnica-gt02\/"},"wordCount":238,"publisher":{"@id":"https:\/\/www.aselec.es\/#organization"},"image":{"@id":"https:\/\/www.aselec.es\/va\/basor-electric-presenta-ledicio-2026-de-la-seua-guia-tecnica-gt02\/#primaryimage"},"thumbnailUrl":"https:\/\/www.aselec.es\/web\/wp-content\/uploads\/2026\/08\/CREATIVIDAD_ESP-1.png","articleSection":["Altres Noticies - Inici","Blog","Totes les not\u00edcies \u2013 Actualitat"],"inLanguage":"va-ES"},{"@type":"WebPage","@id":"https:\/\/www.aselec.es\/va\/basor-electric-presenta-ledicio-2026-de-la-seua-guia-tecnica-gt02\/","url":"https:\/\/www.aselec.es\/va\/basor-electric-presenta-ledicio-2026-de-la-seua-guia-tecnica-gt02\/","name":"Basor Electric presenta l'edici\u00f3 2026 de la seua Guia T\u00e8cnica GT02 - ASELEC","isPartOf":{"@id":"https:\/\/www.aselec.es\/#website"},"primaryImageOfPage":{"@id":"https:\/\/www.aselec.es\/va\/basor-electric-presenta-ledicio-2026-de-la-seua-guia-tecnica-gt02\/#primaryimage"},"image":{"@id":"https:\/\/www.aselec.es\/va\/basor-electric-presenta-ledicio-2026-de-la-seua-guia-tecnica-gt02\/#primaryimage"},"thumbnailUrl":"https:\/\/www.aselec.es\/web\/wp-content\/uploads\/2026\/08\/CREATIVIDAD_ESP-1.png","datePublished":"2026-08-31T11:17:16+00:00","description":"Basor Electric presenta la seua Guia T\u00e8cnica GT02 2026, una ferramenta pr\u00e0ctica amb criteris, taules i recomanacions per a seleccionar i dissenyar sistemes de conducci\u00f3 de cables.","breadcrumb":{"@id":"https:\/\/www.aselec.es\/va\/basor-electric-presenta-ledicio-2026-de-la-seua-guia-tecnica-gt02\/#breadcrumb"},"inLanguage":"va-ES","potentialAction":[{"@type":"ReadAction","target":["https:\/\/www.aselec.es\/va\/basor-electric-presenta-ledicio-2026-de-la-seua-guia-tecnica-gt02\/"]}]},{"@type":"ImageObject","inLanguage":"va-ES","@id":"https:\/\/www.aselec.es\/va\/basor-electric-presenta-ledicio-2026-de-la-seua-guia-tecnica-gt02\/#primaryimage","url":"https:\/\/www.aselec.es\/web\/wp-content\/uploads\/2026\/08\/CREATIVIDAD_ESP-1.png","contentUrl":"https:\/\/www.aselec.es\/web\/wp-content\/uploads\/2026\/08\/CREATIVIDAD_ESP-1.png","width":1200,"height":800},{"@type":"BreadcrumbList","@id":"https:\/\/www.aselec.es\/va\/basor-electric-presenta-ledicio-2026-de-la-seua-guia-tecnica-gt02\/#breadcrumb","itemListElement":[{"@type":"ListItem","position":1,"name":"Portada","item":"https:\/\/www.aselec.es\/va\/"},{"@type":"ListItem","position":2,"name":"Basor Electric presenta l&#8217;edici\u00f3 2026 de la seua Guia T\u00e8cnica GT02"}]},{"@type":"WebSite","@id":"https:\/\/www.aselec.es\/#website","url":"https:\/\/www.aselec.es\/","name":"ASELEC","description":"Asociaci\u00f3n de Empresarios Instaladores El\u00e9ctricos, Telecomunicaciones y Energ\u00edas Renovables de Valencia","publisher":{"@id":"https:\/\/www.aselec.es\/#organization"},"potentialAction":[{"@type":"SearchAction","target":{"@type":"EntryPoint","urlTemplate":"https:\/\/www.aselec.es\/?s={search_term_string}"},"query-input":{"@type":"PropertyValueSpecification","valueRequired":true,"valueName":"search_term_string"}}],"inLanguage":"va-ES"},{"@type":"Organization","@id":"https:\/\/www.aselec.es\/#organization","name":"ASELEC","url":"https:\/\/www.aselec.es\/","logo":{"@type":"ImageObject","inLanguage":"va-ES","@id":"https:\/\/www.aselec.es\/#\/schema\/logo\/image\/","url":"https:\/\/www.aselec.es\/web\/wp-content\/uploads\/2018\/06\/logo_aselec.png","contentUrl":"https:\/\/www.aselec.es\/web\/wp-content\/uploads\/2018\/06\/logo_aselec.png","width":462,"height":198,"caption":"ASELEC"},"image":{"@id":"https:\/\/www.aselec.es\/#\/schema\/logo\/image\/"},"sameAs":["https:\/\/www.facebook.com\/ASELEC.Valencia","https:\/\/x.com\/ASELECfemeval","https:\/\/www.linkedin.com\/company\/aselec---asociaci\u00f3n-de-empresarios-instaladores-el\u00e9ctricos-de-valencia","https:\/\/www.youtube.com\/channel\/UC6NOFjLxQ3eLylmsmnMmOsA","https:\/\/www.instagram.com\/aselecasociacion\/"]},{"@type":"Person","@id":"https:\/\/www.aselec.es\/#\/schema\/person\/3dd7a64c8d2bee1430795f723c39d91d","name":"admin-aselec","image":{"@type":"ImageObject","inLanguage":"va-ES","@id":"https:\/\/secure.gravatar.com\/avatar\/ff34c08abb7fe73ee0472abff695f5981f5aed24ab03a64d4b6261c52fcffd49?s=96&d=mm&r=g","url":"https:\/\/secure.gravatar.com\/avatar\/ff34c08abb7fe73ee0472abff695f5981f5aed24ab03a64d4b6261c52fcffd49?s=96&d=mm&r=g","contentUrl":"https:\/\/secure.gravatar.com\/avatar\/ff34c08abb7fe73ee0472abff695f5981f5aed24ab03a64d4b6261c52fcffd49?s=96&d=mm&r=g","caption":"admin-aselec"}}]}},"_links":{"self":[{"href":"https:\/\/www.aselec.es\/va\/wp-json\/wp\/v2\/posts\/26362","targetHints":{"allow":["GET"]}}],"collection":[{"href":"https:\/\/www.aselec.es\/va\/wp-json\/wp\/v2\/posts"}],"about":[{"href":"https:\/\/www.aselec.es\/va\/wp-json\/wp\/v2\/types\/post"}],"author":[{"embeddable":true,"href":"https:\/\/www.aselec.es\/va\/wp-json\/wp\/v2\/users\/1"}],"replies":[{"embeddable":true,"href":"https:\/\/www.aselec.es\/va\/wp-json\/wp\/v2\/comments?post=26362"}],"version-history":[{"count":1,"href":"https:\/\/www.aselec.es\/va\/wp-json\/wp\/v2\/posts\/26362\/revisions"}],"predecessor-version":[{"id":26365,"href":"https:\/\/www.aselec.es\/va\/wp-json\/wp\/v2\/posts\/26362\/revisions\/26365"}],"wp:featuredmedia":[{"embeddable":true,"href":"https:\/\/www.aselec.es\/va\/wp-json\/wp\/v2\/media\/26363"}],"wp:attachment":[{"href":"https:\/\/www.aselec.es\/va\/wp-json\/wp\/v2\/media?parent=26362"}],"wp:term":[{"taxonomy":"category","embeddable":true,"href":"https:\/\/www.aselec.es\/va\/wp-json\/wp\/v2\/categories?post=26362"},{"taxonomy":"post_tag","embeddable":true,"href":"https:\/\/www.aselec.es\/va\/wp-json\/wp\/v2\/tags?post=26362"}],"curies":[{"name":"wp","href":"https:\/\/api.w.org\/{rel}","templated":true}]}}